
{"id":8814,"date":"2026-08-31T15:59:06","date_gmt":"2026-08-31T13:59:06","guid":{"rendered":"https:\/\/przedszkole54.edu.wroclaw.pl\/?p=8814"},"modified":"2026-08-31T16:01:13","modified_gmt":"2026-08-31T14:01:13","slug":"zebranie-rodzicow","status":"publish","type":"post","link":"https:\/\/przedszkole54.edu.wroclaw.pl\/index.php\/2026\/08\/31\/zebranie-rodzicow\/","title":{"rendered":"Zebranie rodzic\u00f3w"},"content":{"rendered":"<div class=\"wpb-content-wrapper\"><p>[vc_row][vc_column width=&#8221;1\/4&#8243;][\/vc_column][vc_column width=&#8221;1\/2&#8243;][vc_column_text css=&#8221;&#8221;]<\/p>\n<p style=\"text-align: center\"><span style=\"font-size: 14pt\">Szanowni Pa\u0144stwo,<\/span><\/p>\n<p style=\"text-align: center\"><span style=\"font-size: 14pt\">zapraszamy Rodzic\u00f3w na <span style=\"color: #800000\"><strong>zebrania organizacyjne<\/strong><\/span>,<\/span><br \/>\n<span style=\"font-size: 14pt\">kt\u00f3re odb\u0119d\u0105 si\u0119 w nast\u0119puj\u0105cych terminach:<\/span><\/p>\n<p style=\"text-align: center\"><span style=\"font-size: 14pt\"><strong><span style=\"color: #000080\">Grupa Je\u017cyki<\/span><\/strong> \u2013 07.09.2026 <em>(poniedzia\u0142ek)<\/em> godz. 16:00<\/span><\/p>\n<p style=\"text-align: center\"><span style=\"font-size: 14pt\"><strong><span style=\"color: #000080\">Grupa \u017babki<\/span><\/strong> \u2013 03.09.2026 <em>(czwartek)<\/em> godz. 17:00<\/span><\/p>\n<p style=\"text-align: center\"><span style=\"font-size: 14pt\"><span style=\"color: #000080\"><strong>Grupa Wiewi\u00f3rki<\/strong><\/span> \u2013 08.09.2025 <em>(wtorek)<\/em> godz. 17:00<\/span><\/p>\n<p style=\"text-align: center\"><span style=\"font-size: 14pt\">Natomiast dnia 16.09.2026 <em>(\u015broda)<\/em> o godzinie 15:00 odb\u0119dzie si\u0119 <strong><span style=\"color: #008000\">zebranie Rady Rodzic\u00f3w<\/span>.<\/strong><\/span><\/p>\n<p style=\"text-align: center\"><span style=\"font-size: 14pt\">Zapraszamy \ud83d\ude42<\/span><\/p>\n<p>[\/vc_column_text][\/vc_column][vc_column width=&#8221;1\/4&#8243;][\/vc_column][\/vc_row][vc_row][vc_column width=&#8221;1\/3&#8243;][\/vc_column][vc_column width=&#8221;1\/3&#8243;][vc_single_image image=&#8221;8501&#8243; img_size=&#8221;full&#8221; css=&#8221;&#8221;][\/vc_column][vc_column width=&#8221;1\/3&#8243;][\/vc_column][\/vc_row]<\/p>\n<\/div>","protected":false},"excerpt":{"rendered":"<p>[vc_row][vc_column width=&#8221;1\/4&#8243;][\/vc_column][vc_column width=&#8221;1\/2&#8243;][vc_column_text css=&#8221;&#8221;] Szanowni Pa\u0144stwo, zapraszamy Rodzic\u00f3w na zebrania organizacyjne, kt\u00f3re odb\u0119d\u0105 si\u0119 w nast\u0119puj\u0105cych terminach: Grupa Je\u017cyki \u2013 07.09.2026 (poniedzia\u0142ek) godz. 16:00 Grupa \u017babki \u2013 03.09.2026 (czwartek) godz. [&hellip;]<\/p>\n","protected":false},"author":192,"featured_media":8815,"comment_status":"open","ping_status":"open","sticky":false,"template":"","format":"standard","meta":{"ngg_post_thumbnail":0,"footnotes":""},"categories":[3],"tags":[],"class_list":["post-8814","post","type-post","status-publish","format-standard","has-post-thumbnail","hentry","category-aktualnosci","clearfix"],"_links":{"self":[{"href":"https:\/\/przedszkole54.edu.wroclaw.pl\/index.php\/wp-json\/wp\/v2\/posts\/8814","targetHints":{"allow":["GET"]}}],"collection":[{"href":"https:\/\/przedszkole54.edu.wroclaw.pl\/index.php\/wp-json\/wp\/v2\/posts"}],"about":[{"href":"https:\/\/przedszkole54.edu.wroclaw.pl\/index.php\/wp-json\/wp\/v2\/types\/post"}],"author":[{"embeddable":true,"href":"https:\/\/przedszkole54.edu.wroclaw.pl\/index.php\/wp-json\/wp\/v2\/users\/192"}],"replies":[{"embeddable":true,"href":"https:\/\/przedszkole54.edu.wroclaw.pl\/index.php\/wp-json\/wp\/v2\/comments?post=8814"}],"version-history":[{"count":3,"href":"https:\/\/przedszkole54.edu.wroclaw.pl\/index.php\/wp-json\/wp\/v2\/posts\/8814\/revisions"}],"predecessor-version":[{"id":8818,"href":"https:\/\/przedszkole54.edu.wroclaw.pl\/index.php\/wp-json\/wp\/v2\/posts\/8814\/revisions\/8818"}],"wp:featuredmedia":[{"embeddable":true,"href":"https:\/\/przedszkole54.edu.wroclaw.pl\/index.php\/wp-json\/wp\/v2\/media\/8815"}],"wp:attachment":[{"href":"https:\/\/przedszkole54.edu.wroclaw.pl\/index.php\/wp-json\/wp\/v2\/media?parent=8814"}],"wp:term":[{"taxonomy":"category","embeddable":true,"href":"https:\/\/przedszkole54.edu.wroclaw.pl\/index.php\/wp-json\/wp\/v2\/categories?post=8814"},{"taxonomy":"post_tag","embeddable":true,"href":"https:\/\/przedszkole54.edu.wroclaw.pl\/index.php\/wp-json\/wp\/v2\/tags?post=8814"}],"curies":[{"name":"wp","href":"https:\/\/api.w.org\/{rel}","templated":true}]}}