
{"id":8807,"date":"2026-08-31T15:50:51","date_gmt":"2026-08-31T13:50:51","guid":{"rendered":"https:\/\/przedszkole54.edu.wroclaw.pl\/?p=8807"},"modified":"2026-08-31T15:51:59","modified_gmt":"2026-08-31T13:51:59","slug":"8807","status":"publish","type":"post","link":"https:\/\/przedszkole54.edu.wroclaw.pl\/index.php\/2026\/08\/31\/8807\/","title":{"rendered":"Zaj\u0119cia adaptacyjne w przedszkolu"},"content":{"rendered":"<div class=\"wpb-content-wrapper\"><p>[vc_row][vc_column width=&#8221;1\/6&#8243;][\/vc_column][vc_column width=&#8221;2\/3&#8243;][vc_column_text css=&#8221;&#8221;]<\/p>\n<p style=\"text-align: center\"><span style=\"font-size: 14pt\">Dnia 25 sierpnia 2026 r. odby\u0142y si\u0119 <strong><span style=\"color: #008000\">zaj\u0119cia adaptacyjne<\/span><\/strong> dla\u00a0 dzieci, kt\u00f3re mia\u0142y okazj\u0119 pozna\u0107 nasze przedszkole oraz oswoi\u0107 si\u0119 z nowym miejscem.<\/span><\/p>\n<p style=\"text-align: center\"><span style=\"font-size: 14pt\">Podczas spotkania dzieci uczestniczy\u0142y w zabawach muzyczno-ruchowych, bawi\u0142y si\u0119 w sali przedszkolnej, a tak\u017ce korzysta\u0142y z naszego ogrodu i placu zabaw. By\u0142 to czas pe\u0142en rado\u015bci, ruchu i wsp\u00f3lnej zabawy, kt\u00f3ry pozwoli\u0142 dzieciom w przyjaznej atmosferze pozna\u0107 przedszkolne otoczenie.<\/span><\/p>\n<p style=\"text-align: center\"><span style=\"font-size: 14pt\">Zaj\u0119cia poprowadzi\u0142y panie nauczycielki <strong>Ewelina i Melania<\/strong>.<\/span><\/p>\n<p>[\/vc_column_text][\/vc_column][vc_column width=&#8221;1\/6&#8243;][\/vc_column][\/vc_row][vc_row][vc_column width=&#8221;1\/3&#8243;][\/vc_column][vc_column width=&#8221;1\/3&#8243;][vc_single_image image=&#8221;8808&#8243; img_size=&#8221;full&#8221; alignment=&#8221;center&#8221; css=&#8221;&#8221;][\/vc_column][vc_column width=&#8221;1\/3&#8243;][\/vc_column][\/vc_row]<\/p>\n<\/div>","protected":false},"excerpt":{"rendered":"<p>[vc_row][vc_column width=&#8221;1\/6&#8243;][\/vc_column][vc_column width=&#8221;2\/3&#8243;][vc_column_text css=&#8221;&#8221;] Dnia 25 sierpnia 2026 r. odby\u0142y si\u0119 zaj\u0119cia adaptacyjne dla\u00a0 dzieci, kt\u00f3re mia\u0142y okazj\u0119 pozna\u0107 nasze przedszkole oraz oswoi\u0107 si\u0119 z nowym miejscem. Podczas spotkania dzieci [&hellip;]<\/p>\n","protected":false},"author":192,"featured_media":8809,"comment_status":"open","ping_status":"open","sticky":false,"template":"","format":"standard","meta":{"ngg_post_thumbnail":0,"footnotes":""},"categories":[3],"tags":[],"class_list":["post-8807","post","type-post","status-publish","format-standard","has-post-thumbnail","hentry","category-aktualnosci","clearfix"],"_links":{"self":[{"href":"https:\/\/przedszkole54.edu.wroclaw.pl\/index.php\/wp-json\/wp\/v2\/posts\/8807","targetHints":{"allow":["GET"]}}],"collection":[{"href":"https:\/\/przedszkole54.edu.wroclaw.pl\/index.php\/wp-json\/wp\/v2\/posts"}],"about":[{"href":"https:\/\/przedszkole54.edu.wroclaw.pl\/index.php\/wp-json\/wp\/v2\/types\/post"}],"author":[{"embeddable":true,"href":"https:\/\/przedszkole54.edu.wroclaw.pl\/index.php\/wp-json\/wp\/v2\/users\/192"}],"replies":[{"embeddable":true,"href":"https:\/\/przedszkole54.edu.wroclaw.pl\/index.php\/wp-json\/wp\/v2\/comments?post=8807"}],"version-history":[{"count":3,"href":"https:\/\/przedszkole54.edu.wroclaw.pl\/index.php\/wp-json\/wp\/v2\/posts\/8807\/revisions"}],"predecessor-version":[{"id":8812,"href":"https:\/\/przedszkole54.edu.wroclaw.pl\/index.php\/wp-json\/wp\/v2\/posts\/8807\/revisions\/8812"}],"wp:featuredmedia":[{"embeddable":true,"href":"https:\/\/przedszkole54.edu.wroclaw.pl\/index.php\/wp-json\/wp\/v2\/media\/8809"}],"wp:attachment":[{"href":"https:\/\/przedszkole54.edu.wroclaw.pl\/index.php\/wp-json\/wp\/v2\/media?parent=8807"}],"wp:term":[{"taxonomy":"category","embeddable":true,"href":"https:\/\/przedszkole54.edu.wroclaw.pl\/index.php\/wp-json\/wp\/v2\/categories?post=8807"},{"taxonomy":"post_tag","embeddable":true,"href":"https:\/\/przedszkole54.edu.wroclaw.pl\/index.php\/wp-json\/wp\/v2\/tags?post=8807"}],"curies":[{"name":"wp","href":"https:\/\/api.w.org\/{rel}","templated":true}]}}